{"id":1024,"date":"2022-09-07T17:09:48","date_gmt":"2022-09-07T20:09:48","guid":{"rendered":"https:\/\/api.det.br\/blog\/?p=1024"},"modified":"2022-10-24T18:45:06","modified_gmt":"2022-10-24T21:45:06","slug":"investigacao-defensiva-para-advogados-em-curitiba","status":"publish","type":"post","link":"https:\/\/ability.det.br\/blog\/investigacao-defensiva-para-advogados-em-curitiba\/","title":{"rendered":"Investiga\u00e7\u00e3o defensiva para advogados em Curitiba"},"content":{"rendered":"\n<p><strong>Curitiba-PR<\/strong> |<strong><a href=\"TEL:4003-5622\"> 4003-5622<\/a><\/strong> | <a href=\"https:\/\/api.whatsapp.com\/send?phone=5586999754949\"><img loading=\"lazy\" decoding=\"async\" width=\"150\" height=\"52\" class=\"wp-image-729\" style=\"width: 150px;\" src=\"https:\/\/ability.det.br\/blog\/wp-content\/uploads\/2022\/08\/image-6.png\" alt=\"\"><\/a><\/p>\n\n\n\n<p>O CONSELHO FEDERAL DA ORDEM DOS ADVOGADOS DO BRASIL, no uso das atribui\u00e7\u00f5es que lhe s\u00e3o conferidas pelo art. 54, V, da Lei n. 8.906, de 4 de julho de 1994 \u2013 Estatuto da Advocacia e da OAB, e considerando o decidido nos autos da Proposi\u00e7\u00e3o n. 49.0000.2017.009603-0\/COP,<\/p>\n\n\n\n<p>RESOLVE:<\/p>\n\n\n\n<p>Art. 1\u00b0 Compreende-se por <strong>investiga\u00e7\u00e3o defensiva<\/strong> o complexo de atividades de natureza investigat\u00f3ria desenvolvido pelo advogado, com ou sem assist\u00eancia de consultor t\u00e9cnico ou outros profissionais legalmente habilitados, em qualquer fase da persecu\u00e7\u00e3o penal, procedimento ou grau de jurisdi\u00e7\u00e3o, visando \u00e0 obten\u00e7\u00e3o de elementos de prova destinados \u00e0 constitui\u00e7\u00e3o de acervo probat\u00f3rio l\u00edcito, para a tutela de direitos de seu constituinte.<\/p>\n\n\n\n<p>Art. 2\u00ba A <strong>investiga\u00e7\u00e3o defensiva<\/strong> pode ser desenvolvida na etapa da investiga\u00e7\u00e3o preliminar, no decorrer da instru\u00e7\u00e3o processual em ju\u00edzo, na fase recursal em qualquer grau, durante a execu\u00e7\u00e3o penal e, ainda, como medida preparat\u00f3ria para a propositura da revis\u00e3o criminal ou em seu decorrer.<\/p>\n\n\n\n<p>Art. 3\u00b0 A <strong>investiga\u00e7\u00e3o defensiva<\/strong>, sem preju\u00edzo de outras finalidades, orienta-se, especialmente, para a produ\u00e7\u00e3o de prova para emprego em:<\/p>\n\n\n\n<p><strong>I \u2013 pedido de instaura\u00e7\u00e3o ou trancamento de inqu\u00e9rito;<br>II \u2013 rejei\u00e7\u00e3o ou recebimento de den\u00fancia ou queixa;<br>III \u2013 resposta a acusa\u00e7\u00e3o;<br>IV \u2013 pedido de medidas cautelares;<br>V \u2013 defesa em a\u00e7\u00e3o penal p\u00fablica ou privada;<br>VI \u2013 raz\u00f5es de recurso;<br>VII \u2013 revis\u00e3o criminal;<br>VIII \u2013 habeas corpus;<br>IX \u2013 proposta de acordo de colabora\u00e7\u00e3o premiada;<br>X \u2013 proposta de acordo de leni\u00eancia;<br>XI \u2013 outras medidas destinadas a assegurar os direitos individuais em procedimentos de natureza criminal.<\/strong><\/p>\n\n\n\n<p>Par\u00e1grafo \u00fanico. A atividade de<strong> investiga\u00e7\u00e3o defensiva<\/strong> do advogado inclui a realiza\u00e7\u00e3o de dilig\u00eancias investigat\u00f3rias visando \u00e0 obten\u00e7\u00e3o de elementos destinados \u00e0 produ\u00e7\u00e3o de prova para o oferecimento de queixa, principal ou subsidi\u00e1ria.<\/p>\n\n\n\n<p>Art. 4\u00ba Poder\u00e1 o advogado, na condu\u00e7\u00e3o da <strong>investiga\u00e7\u00e3o defensiva<\/strong>, promover diretamente todas as dilig\u00eancias investigat\u00f3rias necess\u00e1rias ao esclarecimento do fato, em especial a colheita de depoimentos, pesquisa e obten\u00e7\u00e3o de dados e informa\u00e7\u00f5es dispon\u00edveis em \u00f3rg\u00e3os p\u00fablicos ou privados, determinar a elabora\u00e7\u00e3o de laudos e exames periciais, e realizar reconstitui\u00e7\u00f5es, ressalvadas as hip\u00f3teses de reserva de jurisdi\u00e7\u00e3o.<\/p>\n\n\n\n<p>Par\u00e1grafo \u00fanico. Na realiza\u00e7\u00e3o da investiga\u00e7\u00e3o defensiva, o advogado poder\u00e1 valer-se de colaboradores, como&nbsp;<a href=\"https:\/\/www.ability.det.br\/\">detetives particulares<\/a>, peritos, t\u00e9cnicos e auxiliares de trabalhos de campo.<\/p>\n\n\n\n<p>Art. 5\u00ba Durante a realiza\u00e7\u00e3o da investiga\u00e7\u00e3o, o advogado deve preservar o sigilo das informa\u00e7\u00f5es colhidas, a dignidade, privacidade, intimidade e demais direitos e garantias individuais das pessoas envolvidas.<\/p>\n\n\n\n<p>Art. 6\u00ba O advogado e outros profissionais que prestarem assist\u00eancia na investiga\u00e7\u00e3o n\u00e3o t\u00eam o dever de informar \u00e0 autoridade competente os fatos investigados.<\/p>\n\n\n\n<p>Par\u00e1grafo \u00fanico. Eventual comunica\u00e7\u00e3o e publicidade do resultado da investiga\u00e7\u00e3o exigir\u00e3o expressa autoriza\u00e7\u00e3o do constituinte.<\/p>\n\n\n\n<p>Art. 7\u00ba As atividades descritas neste Provimento s\u00e3o privativas da advocacia, compreendendo-se como ato leg\u00edtimo de exerc\u00edcio profissional, n\u00e3o podendo receber qualquer tipo de censura ou impedimento pelas autoridades.<\/p>\n\n\n\n<p>Art. 8\u00ba Este Provimento entra em vigor na data de sua publica\u00e7\u00e3o, revogando-se as disposi\u00e7\u00f5es em contr\u00e1rio.<\/p>\n\n\n\n<p>Bras\u00edlia, 11 de dezembro de 2018.<\/p>\n\n\n\n<p>CLAUDIO LAMACHIA<br>Presidente<\/p>\n\n\n\n<p>NILSON ANT\u00d4NIO ARA\u00daJO DOS SANTOS<\/p>\n","protected":false},"excerpt":{"rendered":"<p>Curitiba-PR | 4003-5622 | O CONSELHO FEDERAL DA ORDEM DOS ADVOGADOS DO BRASIL, no uso das atribui\u00e7\u00f5es que lhe s\u00e3o conferidas pelo art. 54, V, da Lei n. 8.906, de 4 de julho de 1994 \u2013 Estatuto da Advocacia e da OAB, e considerando o decidido nos autos da Proposi\u00e7\u00e3o n. 49.0000.2017.009603-0\/COP, RESOLVE: Art. 1\u00b0 [&hellip;]<\/p>\n","protected":false},"author":3,"featured_media":1028,"comment_status":"open","ping_status":"open","sticky":false,"template":"","format":"standard","meta":{"_mi_skip_tracking":false,"_monsterinsights_sitenote_active":false,"_monsterinsights_sitenote_note":"","_monsterinsights_sitenote_category":0,"footnotes":""},"categories":[1],"tags":[],"class_list":["post-1024","post","type-post","status-publish","format-standard","has-post-thumbnail","hentry","category-sem-categoria"],"aioseo_notices":[],"_links":{"self":[{"href":"https:\/\/ability.det.br\/blog\/wp-json\/wp\/v2\/posts\/1024","targetHints":{"allow":["GET"]}}],"collection":[{"href":"https:\/\/ability.det.br\/blog\/wp-json\/wp\/v2\/posts"}],"about":[{"href":"https:\/\/ability.det.br\/blog\/wp-json\/wp\/v2\/types\/post"}],"author":[{"embeddable":true,"href":"https:\/\/ability.det.br\/blog\/wp-json\/wp\/v2\/users\/3"}],"replies":[{"embeddable":true,"href":"https:\/\/ability.det.br\/blog\/wp-json\/wp\/v2\/comments?post=1024"}],"version-history":[{"count":2,"href":"https:\/\/ability.det.br\/blog\/wp-json\/wp\/v2\/posts\/1024\/revisions"}],"predecessor-version":[{"id":1424,"href":"https:\/\/ability.det.br\/blog\/wp-json\/wp\/v2\/posts\/1024\/revisions\/1424"}],"wp:featuredmedia":[{"embeddable":true,"href":"https:\/\/ability.det.br\/blog\/wp-json\/wp\/v2\/media\/1028"}],"wp:attachment":[{"href":"https:\/\/ability.det.br\/blog\/wp-json\/wp\/v2\/media?parent=1024"}],"wp:term":[{"taxonomy":"category","embeddable":true,"href":"https:\/\/ability.det.br\/blog\/wp-json\/wp\/v2\/categories?post=1024"},{"taxonomy":"post_tag","embeddable":true,"href":"https:\/\/ability.det.br\/blog\/wp-json\/wp\/v2\/tags?post=1024"}],"curies":[{"name":"wp","href":"https:\/\/api.w.org\/{rel}","templated":true}]}}