{"id":1137,"date":"2022-09-21T19:08:49","date_gmt":"2022-09-21T22:08:49","guid":{"rendered":"https:\/\/api.det.br\/blog\/?p=1137"},"modified":"2022-10-24T17:58:07","modified_gmt":"2022-10-24T20:58:07","slug":"qual-o-valor-para-contratar-um-detetive-particular-em-curitiba","status":"publish","type":"post","link":"https:\/\/ability.det.br\/blog\/qual-o-valor-para-contratar-um-detetive-particular-em-curitiba\/","title":{"rendered":"Qual o valor para contratar um detetive particular em Curitiba?"},"content":{"rendered":"\n<p><strong>Curitiba-PR<\/strong> | <strong>4003-5622<\/strong> | <a href=\"https:\/\/api.whatsapp.com\/send?phone=5586999754949\"><img loading=\"lazy\" decoding=\"async\" width=\"150\" height=\"52\" class=\"wp-image-729\" style=\"width: 150px;\" src=\"https:\/\/ability.det.br\/blog\/wp-content\/uploads\/2022\/08\/image-6.png\" alt=\"\"><\/a><\/p>\n\n\n\n<p>Tire d\u00favidas com o&nbsp;<strong>Detetive Particular&nbsp;em&nbsp;Curitiba<\/strong>. Voc\u00ea est\u00e1 em uma p\u00e1gina onde abordaremos v\u00e1rios assuntos, no que tange as fileiras d\u00favidas pertencentes ao mundo das<strong> investiga\u00e7\u00f5es particulares<\/strong>.<\/p>\n\n\n\n<p>O objetivo da <strong>investiga\u00e7\u00e3o<\/strong> \u00e9 detalhar com imagens e v\u00eddeos encontros<strong> extraconjugais<\/strong> e outros tipos de <strong>investiga\u00e7\u00f5es<\/strong>, n\u00e3o importa o planejamento do investigado em Curitiba.<\/p>\n\n\n\n<p>Agindo imperceptivelmente e com prud\u00eancia, o <strong>detetive particular<\/strong> deve finalizar a sua miss\u00e3o o mais breve poss\u00edvel.<\/p>\n\n\n\n<p>Alguns clientes permeiam a d\u00favida de&nbsp;<strong><a href=\"https:\/\/www.ability.det.br\/estado-parana\">quanto custa um detetive particular em Curitiba-PR<\/a><\/strong>.<\/p>\n\n\n\n<p>Considerem que os valores empregados, s\u00e3o similares entre os&nbsp;<strong>profissionais de investiga\u00e7\u00e3o em Curitiba<\/strong>.<\/p>\n\n\n\n<h3 class=\"wp-block-heading\">Descubra toda a verdade, retome sua vida normal em Curitiba!<\/h3>\n\n\n\n<p>&#8220;O primeiro passo para descobrir a verdade, seja silencioso e imprevis\u00edvel. Retome sua vida, contrate um&nbsp;<strong><a href=\"https:\/\/www.ability.det.br\/cidade-curitiba\">detetive particular&nbsp;em&nbsp;Curitiba<\/a><\/strong>.&#8221;<\/p>\n\n\n\n<p>Seus pensamentos alternam entre a d\u00favida e a confian\u00e7a no parceiro (a). Escolha um profissional com experi\u00eancia e&nbsp;disciplina. Olhos atentos ao alvo e prontos para a a\u00e7\u00e3o!<\/p>\n\n\n\n<p>Conhe\u00e7a o&nbsp;<strong>investigador particular privado em Curitiba<\/strong>.&nbsp;<a href=\"https:\/\/www.ability.det.br\/index.php\">ABILITY-Investiga\u00e7\u00f5es<\/a>, ap\u00f3s v\u00e1rios anos, conquistou experi\u00eancia e treinamento para registrar <strong>flagrantes de infidelidade<\/strong> e resolu\u00e7\u00e3o de v\u00e1rias outras miss\u00f5es sigilosas como: <a href=\"https:\/\/www.ability.det.br\/investigacao-conjugal.php\">investiga\u00e7\u00e3o conjugal<\/a>, <strong>investiga\u00e7\u00e3o familiar<\/strong> e <strong>empresarial<\/strong><\/p>\n\n\n\n<p><\/p>\n","protected":false},"excerpt":{"rendered":"<p>Curitiba-PR | 4003-5622 | Tire d\u00favidas com o&nbsp;Detetive Particular&nbsp;em&nbsp;Curitiba. Voc\u00ea est\u00e1 em uma p\u00e1gina onde abordaremos v\u00e1rios assuntos, no que tange as fileiras d\u00favidas pertencentes ao mundo das investiga\u00e7\u00f5es particulares. O objetivo da investiga\u00e7\u00e3o \u00e9 detalhar com imagens e v\u00eddeos encontros extraconjugais e outros tipos de investiga\u00e7\u00f5es, n\u00e3o importa o planejamento do investigado em Curitiba. [&hellip;]<\/p>\n","protected":false},"author":3,"featured_media":1138,"comment_status":"open","ping_status":"open","sticky":false,"template":"","format":"standard","meta":{"_mi_skip_tracking":false,"_monsterinsights_sitenote_active":false,"_monsterinsights_sitenote_note":"","_monsterinsights_sitenote_category":0,"footnotes":""},"categories":[1],"tags":[],"class_list":["post-1137","post","type-post","status-publish","format-standard","has-post-thumbnail","hentry","category-sem-categoria"],"aioseo_notices":[],"_links":{"self":[{"href":"https:\/\/ability.det.br\/blog\/wp-json\/wp\/v2\/posts\/1137","targetHints":{"allow":["GET"]}}],"collection":[{"href":"https:\/\/ability.det.br\/blog\/wp-json\/wp\/v2\/posts"}],"about":[{"href":"https:\/\/ability.det.br\/blog\/wp-json\/wp\/v2\/types\/post"}],"author":[{"embeddable":true,"href":"https:\/\/ability.det.br\/blog\/wp-json\/wp\/v2\/users\/3"}],"replies":[{"embeddable":true,"href":"https:\/\/ability.det.br\/blog\/wp-json\/wp\/v2\/comments?post=1137"}],"version-history":[{"count":6,"href":"https:\/\/ability.det.br\/blog\/wp-json\/wp\/v2\/posts\/1137\/revisions"}],"predecessor-version":[{"id":1403,"href":"https:\/\/ability.det.br\/blog\/wp-json\/wp\/v2\/posts\/1137\/revisions\/1403"}],"wp:featuredmedia":[{"embeddable":true,"href":"https:\/\/ability.det.br\/blog\/wp-json\/wp\/v2\/media\/1138"}],"wp:attachment":[{"href":"https:\/\/ability.det.br\/blog\/wp-json\/wp\/v2\/media?parent=1137"}],"wp:term":[{"taxonomy":"category","embeddable":true,"href":"https:\/\/ability.det.br\/blog\/wp-json\/wp\/v2\/categories?post=1137"},{"taxonomy":"post_tag","embeddable":true,"href":"https:\/\/ability.det.br\/blog\/wp-json\/wp\/v2\/tags?post=1137"}],"curies":[{"name":"wp","href":"https:\/\/api.w.org\/{rel}","templated":true}]}}