{"id":2018,"date":"2023-01-12T11:00:00","date_gmt":"2023-01-12T14:00:00","guid":{"rendered":"https:\/\/api.det.br\/blog\/?p=2018"},"modified":"2023-01-09T17:52:29","modified_gmt":"2023-01-09T20:52:29","slug":"como-um-detetive-particular-trabalha-na-busca-por-desaparecidos","status":"publish","type":"post","link":"https:\/\/ability.det.br\/blog\/como-um-detetive-particular-trabalha-na-busca-por-desaparecidos\/","title":{"rendered":"Como um detetive particular trabalha na busca por desaparecidos"},"content":{"rendered":"\n<p>Quando temos algum parente desaparecido, seja um filho ou mesmo um pai, \u00e9 normal que exista uma busca feita por autoridades, caso o ocorrido seja recente. Um <strong>detetive particular<\/strong> \u00e9 um profissional apto para lidar com todas as <strong>investiga\u00e7\u00f5es necess\u00e1rias<\/strong>, inclusive de pessoas e ve\u00edculos desaparecidos. Nesses casos, seja com um desaparecimento recente ou mesmo do passado, um detetive \u00e9 a melhor escolha.&nbsp;<\/p>\n\n\n\n<p>Com isso em mente, separamos para o post de hoje tudo sobre como um detetive particular pode atuar em um <strong>caso de desaparecimento<\/strong>. E como voc\u00ea pode ajudar nesse tipo de situa\u00e7\u00e3o.&nbsp;<\/p>\n\n\n\n<p>Aproveite a leitura de hoje!&nbsp;<\/p>\n\n\n\n<h2 class=\"wp-block-heading\">Como \u00e9 feita a investiga\u00e7\u00e3o?&nbsp;<\/h2>\n\n\n\n<p>As primeiras 48 horas ap\u00f3s o desaparecimento s\u00e3o decisivas para a v\u00edtima e, principalmente, para os familiares que est\u00e3o procurando. Ter uma estrat\u00e9gia bem-feita e pessoal especializado nas buscas pode <strong>mudar o rumo dos acontecimentos<\/strong>.&nbsp;&nbsp;<\/p>\n\n\n\n<p>O <strong>detetive particular<\/strong> ir\u00e1 primeiramente conversar com os parentes para adquirir todas as informa\u00e7\u00f5es sobre os \u00faltimos momentos da pessoa desaparecida. Isso tamb\u00e9m disponibiliza que o profissional tenha acesso a dados pessoais como telefones, uma <strong>descri\u00e7\u00e3o f\u00edsica<\/strong>, fotografias, nome completo, redes sociais e tudo que puderem fornecer para que ajude.&nbsp;<\/p>\n\n\n\n<p>Informa\u00e7\u00f5es sobre rotina, e <strong>poss\u00edveis inimizades<\/strong> contribuem para o caso, al\u00e9m disso, \u00e9 preciso saber se nas \u00faltimas horas que a pessoa foi vista ela estava com algum comportamento estranho. Todos os detalhes s\u00e3o fundamentais, ap\u00f3s isso o profissional ir\u00e1 montar a melhor estrat\u00e9gia de busca.&nbsp;<\/p>\n\n\n\n<p>\u00c9 importante destacar que em alguns casos, mesmo com todos os esfor\u00e7os do detetive o caso pode acabar sem resolu\u00e7\u00e3o, mas quanto antes a procura se iniciar, mais chances de ser encontrada.&nbsp;<\/p>\n\n\n\n<h3 class=\"wp-block-heading\">Por que contratar um detetive particular em caso de desaparecidos?<\/h3>\n\n\n\n<p>Como j\u00e1 foi explicado acima, o <strong>detetive particular<\/strong> \u00e9 um profissional qualificado para a tarefa, afinal, esse tipo de situa\u00e7\u00e3o faz parte do seu dia a dia. Lidando sempre com todo tipo de investiga\u00e7\u00e3o, o detetive ir\u00e1 realizar o servi\u00e7o com <strong>discri\u00e7\u00e3o e sigilo<\/strong>, essa pessoa \u00e9 uma <strong>pe\u00e7a-chave<\/strong> em uma investiga\u00e7\u00e3o desse porte. Afinal, esse profissional est\u00e1 mais do que apto para contribuir com estrat\u00e9gias e ainda proporcionar um <strong>olhar mais anal\u00edtico<\/strong> a toda a situa\u00e7\u00e3o.&nbsp;<\/p>\n\n\n\n<p>Essa pessoa consegue coordenar todo o pessoal em conjunto com os policiais de busca. Fora casos de desaparecimentos recentes, um <strong>detetive particular<\/strong> atua tamb\u00e9m em trabalhos voltados para localizar pessoas que a muito tempo n\u00e3o se encontram.&nbsp;<\/p>\n\n\n\n<p>Isso pode ser realizado com entrevistas feitas para saber todos os detalhes que os contratantes se lembram da pessoa, nomes e fotografias s\u00e3o importantes. Pequenos detalhes que para voc\u00ea n\u00e3o fazem diferen\u00e7a, para um profissional s\u00e3o <strong>essenciais<\/strong> no andamento do caso.&nbsp;<\/p>\n\n\n\n<p>Se tiver algum parente ou amigo desaparecido, o melhor \u00e9 entrar em contato com uma empresa renomada no mercado. N\u00f3s somos a <strong>ABILITY INVESTIGA\u00c7\u00d5ES<\/strong> uma ag\u00eancia de detetives especializada no assunto que est\u00e1 h\u00e1 mais de 20 anos trabalhando na \u00e1rea com maestria. A resolu\u00e7\u00e3o do seu caso \u00e9 com o nosso pessoal, para conhecer mais sobre o assunto continue acompanhando nosso blog!&nbsp;<\/p>\n","protected":false},"excerpt":{"rendered":"<p>Quando temos algum parente desaparecido, seja um filho ou mesmo um pai, \u00e9 normal que exista uma busca feita por autoridades, caso o ocorrido seja recente. Um detetive particular \u00e9 um profissional apto para lidar com todas as investiga\u00e7\u00f5es necess\u00e1rias, inclusive de pessoas e ve\u00edculos desaparecidos. Nesses casos, seja com um desaparecimento recente ou mesmo [&hellip;]<\/p>\n","protected":false},"author":2,"featured_media":2021,"comment_status":"open","ping_status":"open","sticky":false,"template":"","format":"standard","meta":{"_mi_skip_tracking":false,"_monsterinsights_sitenote_active":false,"_monsterinsights_sitenote_note":"","_monsterinsights_sitenote_category":0,"footnotes":""},"categories":[1],"tags":[470,469,288,372],"class_list":["post-2018","post","type-post","status-publish","format-standard","has-post-thumbnail","hentry","category-sem-categoria","tag-busca","tag-desaparecidos","tag-detetive-particular","tag-trabalha"],"aioseo_notices":[],"_links":{"self":[{"href":"https:\/\/ability.det.br\/blog\/wp-json\/wp\/v2\/posts\/2018","targetHints":{"allow":["GET"]}}],"collection":[{"href":"https:\/\/ability.det.br\/blog\/wp-json\/wp\/v2\/posts"}],"about":[{"href":"https:\/\/ability.det.br\/blog\/wp-json\/wp\/v2\/types\/post"}],"author":[{"embeddable":true,"href":"https:\/\/ability.det.br\/blog\/wp-json\/wp\/v2\/users\/2"}],"replies":[{"embeddable":true,"href":"https:\/\/ability.det.br\/blog\/wp-json\/wp\/v2\/comments?post=2018"}],"version-history":[{"count":3,"href":"https:\/\/ability.det.br\/blog\/wp-json\/wp\/v2\/posts\/2018\/revisions"}],"predecessor-version":[{"id":2023,"href":"https:\/\/ability.det.br\/blog\/wp-json\/wp\/v2\/posts\/2018\/revisions\/2023"}],"wp:featuredmedia":[{"embeddable":true,"href":"https:\/\/ability.det.br\/blog\/wp-json\/wp\/v2\/media\/2021"}],"wp:attachment":[{"href":"https:\/\/ability.det.br\/blog\/wp-json\/wp\/v2\/media?parent=2018"}],"wp:term":[{"taxonomy":"category","embeddable":true,"href":"https:\/\/ability.det.br\/blog\/wp-json\/wp\/v2\/categories?post=2018"},{"taxonomy":"post_tag","embeddable":true,"href":"https:\/\/ability.det.br\/blog\/wp-json\/wp\/v2\/tags?post=2018"}],"curies":[{"name":"wp","href":"https:\/\/api.w.org\/{rel}","templated":true}]}}