{"id":2128,"date":"2023-02-07T11:00:00","date_gmt":"2023-02-07T14:00:00","guid":{"rendered":"https:\/\/api.det.br\/blog\/?p=2128"},"modified":"2023-01-30T14:01:49","modified_gmt":"2023-01-30T17:01:49","slug":"alienacao-parental-entenda-como-isso-afeta-o-seu-filho","status":"publish","type":"post","link":"https:\/\/ability.det.br\/blog\/alienacao-parental-entenda-como-isso-afeta-o-seu-filho\/","title":{"rendered":"Aliena\u00e7\u00e3o Parental: entenda como isso afeta o seu filho"},"content":{"rendered":"\n<p>Uma separa\u00e7\u00e3o \u00e9 um momento que pode causar muito estresse em todo o entorno, mas principalmente para a crian\u00e7a que acaba vendo toda a situa\u00e7\u00e3o se desenrolar. Ainda existem casos em que o menor pode se culpar pelo ocorrido. Entretanto, \u00e9 preciso que seja explicado que nada daquilo \u00e9 de fato responsabilidade dele.&nbsp;<\/p>\n\n\n\n<p>Com isso em mente, separamos um material para que conhe\u00e7a mais sobre a <strong>aliena\u00e7\u00e3o parental<\/strong> e como ela pode afetar a vida da crian\u00e7a.&nbsp;<\/p>\n\n\n\n<p>Boa leitura!<\/p>\n\n\n\n<h2 class=\"wp-block-heading\">O que \u00e9 aliena\u00e7\u00e3o parental?&nbsp;<\/h2>\n\n\n\n<p>A influ\u00eancia gerada por um dos pais de forma negativa na crian\u00e7a \u00e9 configurada como aliena\u00e7\u00e3o parental. Este \u00e9 o nome denominado para a interfer\u00eancia na <strong>forma\u00e7\u00e3o emocional<\/strong> do indiv\u00edduo em rela\u00e7\u00e3o a um dos pais. Esta \u00e9 uma s\u00e9rie de atitudes que podem causar problemas para o seu filho. A <strong>manipula\u00e7\u00e3o<\/strong> \u00e9 um dos principais sinais de que existem estes fatos na vida da crian\u00e7a.&nbsp;<\/p>\n\n\n\n<p>Quando h\u00e1 um <strong>div\u00f3rcio<\/strong> uma das partes pode n\u00e3o estar satisfeita, e isso afeta muito a crian\u00e7a. Existem alguns fatores que podem denunciar um <strong>caso de aliena\u00e7\u00e3o parental<\/strong>. Confira abaixo algumas caracter\u00edsticas para que sua identifica\u00e7\u00e3o seja clara:&nbsp;<\/p>\n\n\n\n<ul class=\"wp-block-list\"><li>Omiss\u00e3o de informa\u00e7\u00f5es dos filhos;&nbsp;<\/li><li>Manipula\u00e7\u00f5es e chantagens com os pequenos;&nbsp;<\/li><li>Mentiras sobre o outro genitor;&nbsp;<\/li><li>Cr\u00edticas frequentes sobre o relacionamento passado;&nbsp;<\/li><li>Proibi\u00e7\u00e3o de ver o pai ou a m\u00e3e.&nbsp;<\/li><\/ul>\n\n\n\n<p>Essa situa\u00e7\u00e3o quando identificada deve ser detida o quanto antes para que n\u00e3o afete o psicol\u00f3gico do menor.&nbsp;<\/p>\n\n\n\n<h3 class=\"wp-block-heading\">Saiba como isso afeta a vida da crian\u00e7a<\/h3>\n\n\n\n<p>Essa situa\u00e7\u00e3o pode <strong>afetar de forma negativa<\/strong> todo o crescimento emocional do indiv\u00edduo, j\u00e1 que quando h\u00e1 uma separa\u00e7\u00e3o, toda a vida da crian\u00e7a muda. Afinal, ela ter\u00e1 que se deslocar para outra casa, agora tendo duas resid\u00eancias. Nesse momento sentimento de <strong>culpa<\/strong> e <strong>inseguran\u00e7a<\/strong> podem surgir atrapalhando o desempenho dela em sua rotina.&nbsp;<\/p>\n\n\n\n<p>Com isso, a aliena\u00e7\u00e3o parental pode afetar o adolescente de formas diferentes, podendo assim, desenvolver depress\u00e3o, ansiedade, dificuldade de assimila\u00e7\u00e3o da parte acad\u00eamica, aumento na agressividade e entre outros fatores.&nbsp;&nbsp;<\/p>\n\n\n\n<h4 class=\"wp-block-heading\">Como detetive particular pode te ajudar?&nbsp;<\/h4>\n\n\n\n<p>A profiss\u00e3o de <strong>detetive particular<\/strong> \u00e9 voltada principalmente para solucionar casos de desconfian\u00e7as dos clientes. Ou seja, caso esteja suspeitando do seu parceiro(a), um <strong>detetive<\/strong> pode iniciar uma investiga\u00e7\u00e3o para averiguar a situa\u00e7\u00e3o e promover todas as comprova\u00e7\u00f5es que precisa.&nbsp;<\/p>\n\n\n\n<p>Isso tamb\u00e9m ocorre em casos de aliena\u00e7\u00e3o parental, um dos pais pode pedir uma <strong>investiga\u00e7\u00e3o familiar<\/strong>, est\u00e1 voltada para o adolescente ou mesmo para o ex-companheiro. Isso para descobrir se est\u00e1 havendo manipula\u00e7\u00e3o por parte deste indiv\u00edduo em cima do menor de idade.&nbsp;<\/p>\n\n\n\n<p>Por meio de entrevistas, campana e outras <strong>t\u00e9cnicas investigativas<\/strong>, o detetive pode averiguar o que de fato est\u00e1 acontecendo e, assim, passar todas as informa\u00e7\u00f5es para o contratante. Isso garante com que toda a situa\u00e7\u00e3o que esteja acontecendo pare e voc\u00ea possa lidar melhor com o emocional da crian\u00e7a.&nbsp;<\/p>\n\n\n\n<p>O afastamento acaba sendo inevit\u00e1vel quando a guarda \u00e9 unilateral. No entanto, para que a situa\u00e7\u00e3o n\u00e3o se torne uma aliena\u00e7\u00e3o parental \u00e9 preciso que ambas as partes entrem em um consenso para que a cria\u00e7\u00e3o do menor seja prioridade independente de todo o incidente dos dois.&nbsp;<\/p>\n\n\n\n<p>Gostou do conte\u00fado de hoje? A <strong>ABILITY INVESTIGA\u00c7\u00d5ES<\/strong> \u00e9 uma ag\u00eancia de detetives renomada que est\u00e1 no mercado contribuindo com casos ao longo de todo o territ\u00f3rio nacional h\u00e1 mais de 20 anos. Com qualidade de servi\u00e7o, pode contar com os profissionais respons\u00e1veis para cuidar do seu caso com maestria. Trabalhamos com in\u00fameras vertentes da investiga\u00e7\u00e3o como \u00e9 o caso da familiar, citada acima.&nbsp;&nbsp;&nbsp;<\/p>\n","protected":false},"excerpt":{"rendered":"<p>Uma separa\u00e7\u00e3o \u00e9 um momento que pode causar muito estresse em todo o entorno, mas principalmente para a crian\u00e7a que acaba vendo toda a situa\u00e7\u00e3o se desenrolar. Ainda existem casos em que o menor pode se culpar pelo ocorrido. Entretanto, \u00e9 preciso que seja explicado que nada daquilo \u00e9 de fato responsabilidade dele.&nbsp; Com isso [&hellip;]<\/p>\n","protected":false},"author":2,"featured_media":2129,"comment_status":"open","ping_status":"open","sticky":false,"template":"","format":"standard","meta":{"_mi_skip_tracking":false,"_monsterinsights_sitenote_active":false,"_monsterinsights_sitenote_note":"","_monsterinsights_sitenote_category":0,"footnotes":""},"categories":[1],"tags":[],"class_list":["post-2128","post","type-post","status-publish","format-standard","has-post-thumbnail","hentry","category-sem-categoria"],"aioseo_notices":[],"_links":{"self":[{"href":"https:\/\/ability.det.br\/blog\/wp-json\/wp\/v2\/posts\/2128","targetHints":{"allow":["GET"]}}],"collection":[{"href":"https:\/\/ability.det.br\/blog\/wp-json\/wp\/v2\/posts"}],"about":[{"href":"https:\/\/ability.det.br\/blog\/wp-json\/wp\/v2\/types\/post"}],"author":[{"embeddable":true,"href":"https:\/\/ability.det.br\/blog\/wp-json\/wp\/v2\/users\/2"}],"replies":[{"embeddable":true,"href":"https:\/\/ability.det.br\/blog\/wp-json\/wp\/v2\/comments?post=2128"}],"version-history":[{"count":1,"href":"https:\/\/ability.det.br\/blog\/wp-json\/wp\/v2\/posts\/2128\/revisions"}],"predecessor-version":[{"id":2130,"href":"https:\/\/ability.det.br\/blog\/wp-json\/wp\/v2\/posts\/2128\/revisions\/2130"}],"wp:featuredmedia":[{"embeddable":true,"href":"https:\/\/ability.det.br\/blog\/wp-json\/wp\/v2\/media\/2129"}],"wp:attachment":[{"href":"https:\/\/ability.det.br\/blog\/wp-json\/wp\/v2\/media?parent=2128"}],"wp:term":[{"taxonomy":"category","embeddable":true,"href":"https:\/\/ability.det.br\/blog\/wp-json\/wp\/v2\/categories?post=2128"},{"taxonomy":"post_tag","embeddable":true,"href":"https:\/\/ability.det.br\/blog\/wp-json\/wp\/v2\/tags?post=2128"}],"curies":[{"name":"wp","href":"https:\/\/api.w.org\/{rel}","templated":true}]}}