{"id":2161,"date":"2023-02-24T20:09:01","date_gmt":"2023-02-24T23:09:01","guid":{"rendered":"https:\/\/api.det.br\/blog\/?p=2161"},"modified":"2023-02-27T12:07:06","modified_gmt":"2023-02-27T15:07:06","slug":"contratando-um-detetive-particular-em-brasilia-o-que-voce-precisa-saber","status":"publish","type":"post","link":"https:\/\/ability.det.br\/blog\/contratando-um-detetive-particular-em-brasilia-o-que-voce-precisa-saber\/","title":{"rendered":"Contratando um detetive particular em Bras\u00edlia: o que voc\u00ea precisa saber"},"content":{"rendered":"\n<p>Se voc\u00ea precisa resolver um problema pessoal ou empresarial e est\u00e1 pensando em <strong>contratar um detetive particular em Bras\u00edlia<\/strong>, \u00e9 importante entender como funciona esse processo e quais cuidados tomar para garantir que voc\u00ea est\u00e1 escolhendo um profissional qualificado e confi\u00e1vel. Neste artigo, vamos explorar os principais aspectos a serem considerados ao contratar um <strong>detetive particular em Bras\u00edlia<\/strong>, com a palavra-chave &#8220;<strong>detetive particular Bras\u00edlia<\/strong>&#8220;.<\/p>\n\n\n\n<p>Qual \u00e9 o papel de um <strong>detetive particular em Bras\u00edlia<\/strong>?<\/p>\n\n\n\n<p>Um <strong>detetive particular<\/strong> \u00e9 um profissional que utiliza t\u00e9cnicas investigativas para coletar informa\u00e7\u00f5es e evid\u00eancias sobre determinado assunto. Entre os servi\u00e7os que um detetive particular pode oferecer est\u00e3o:<\/p>\n\n\n\n<ul class=\"wp-block-list\"><li><strong>Investiga\u00e7\u00e3o conjugal<\/strong>: em casos de <strong>suspeita de infidelidade conjugal<\/strong>, o <strong>detetive particular<\/strong> pode realizar um monitoramento para coletar informa\u00e7\u00f5es e evid\u00eancias.<\/li><li><strong>Investiga\u00e7\u00e3o empresarial<\/strong>: em casos de suspeita de fraude, roubo ou concorr\u00eancia desleal, o <strong>detetive particular<\/strong> pode coletar informa\u00e7\u00f5es e evid\u00eancias para ajudar a empresa a tomar decis\u00f5es controladas.<\/li><li><strong>Investiga\u00e7\u00e3o criminal<\/strong>: em casos de crimes que n\u00e3o foram solucionados pela pol\u00edcia, o <strong>detetive particular<\/strong> pode realizar uma <strong>investiga\u00e7\u00e3o independente<\/strong> para coletar informa\u00e7\u00f5es e evid\u00eancias.<\/li><li><strong>Busca por pessoas desaparecidas<\/strong>: em <strong>casos de pessoas desaparecidas<\/strong>, o <strong>detetive particular<\/strong> pode realizar uma busca para tentar localizar o indiv\u00edduo.<\/li><\/ul>\n\n\n\n<p>Quais cuidados tomar ao <strong>contratar um detetive particular em Bras\u00edlia<\/strong>?<\/p>\n\n\n\n<p>Ao contratar um <strong>detetive particular em Bras\u00edlia<\/strong>, \u00e9 importante tomar alguns cuidados para garantir que voc\u00ea esteja escolhendo um profissional confi\u00e1vel e qualificado:<\/p>\n\n\n\n<ol class=\"wp-block-list\"><li>Verifique as credenciais do detetive particular: certifique-se de que o profissional possui as licen\u00e7as e autoriza\u00e7\u00f5es necess\u00e1rias para exercer a profiss\u00e3o em Bras\u00edlia.<\/li><li>Pesquise acredite do detetive particular: verifique se existem reclama\u00e7\u00f5es ou processos contra o profissional ou a ag\u00eancia em que ele trabalha.<\/li><li>Solicite refer\u00eancias: pe\u00e7a refer\u00eancias de clientes anteriores e verifique se o detetive particular possui uma boa cren\u00e7a.<\/li><li>Estabele\u00e7a um contrato claro: antes de iniciar os servi\u00e7os, estabele\u00e7a um contrato claro que inclui prazos, valores, formas de pagamento e as informa\u00e7\u00f5es que ser\u00e3o coletadas e entregues.<\/li><li>Mantenha a confidencialidade: certifique-se de que o detetive particular e a ag\u00eancia em que ele trabalha s\u00e3o capazes de manter a confidencialidade das informa\u00e7\u00f5es coletadas durante a investiga\u00e7\u00e3o.<\/li><\/ol>\n\n\n\n<p>Conclus\u00e3o<\/p>\n\n\n\n<p>Ao <strong>contratar um detetive particular em Bras\u00edlia<\/strong>, \u00e9 importante entender qual \u00e9 o papel desse profissional e quais cuidados tomar para garantir que voc\u00ea esteja escolhendo um profissional qualificado e confi\u00e1vel. Ao seguir as dicas simplificadas neste artigo e utilizar a palavra-chave &#8220;<strong>detetive particular Bras\u00edlia<\/strong>&#8221; em suas pesquisas, voc\u00ea poder\u00e1 encontrar um detetive particular que possa ajud\u00e1-lo a resolver seu problema de forma eficiente e discreta.<\/p>\n","protected":false},"excerpt":{"rendered":"<p>Se voc\u00ea precisa resolver um problema pessoal ou empresarial e est\u00e1 pensando em contratar um detetive particular em Bras\u00edlia, \u00e9 importante entender como funciona esse processo e quais cuidados tomar para garantir que voc\u00ea est\u00e1 escolhendo um profissional qualificado e confi\u00e1vel. Neste artigo, vamos explorar os principais aspectos a serem considerados ao contratar um detetive [&hellip;]<\/p>\n","protected":false},"author":3,"featured_media":2162,"comment_status":"open","ping_status":"open","sticky":false,"template":"","format":"standard","meta":{"_mi_skip_tracking":false,"_monsterinsights_sitenote_active":false,"_monsterinsights_sitenote_note":"","_monsterinsights_sitenote_category":0,"footnotes":""},"categories":[1],"tags":[],"class_list":["post-2161","post","type-post","status-publish","format-standard","has-post-thumbnail","hentry","category-sem-categoria"],"aioseo_notices":[],"_links":{"self":[{"href":"https:\/\/ability.det.br\/blog\/wp-json\/wp\/v2\/posts\/2161","targetHints":{"allow":["GET"]}}],"collection":[{"href":"https:\/\/ability.det.br\/blog\/wp-json\/wp\/v2\/posts"}],"about":[{"href":"https:\/\/ability.det.br\/blog\/wp-json\/wp\/v2\/types\/post"}],"author":[{"embeddable":true,"href":"https:\/\/ability.det.br\/blog\/wp-json\/wp\/v2\/users\/3"}],"replies":[{"embeddable":true,"href":"https:\/\/ability.det.br\/blog\/wp-json\/wp\/v2\/comments?post=2161"}],"version-history":[{"count":2,"href":"https:\/\/ability.det.br\/blog\/wp-json\/wp\/v2\/posts\/2161\/revisions"}],"predecessor-version":[{"id":2190,"href":"https:\/\/ability.det.br\/blog\/wp-json\/wp\/v2\/posts\/2161\/revisions\/2190"}],"wp:featuredmedia":[{"embeddable":true,"href":"https:\/\/ability.det.br\/blog\/wp-json\/wp\/v2\/media\/2162"}],"wp:attachment":[{"href":"https:\/\/ability.det.br\/blog\/wp-json\/wp\/v2\/media?parent=2161"}],"wp:term":[{"taxonomy":"category","embeddable":true,"href":"https:\/\/ability.det.br\/blog\/wp-json\/wp\/v2\/categories?post=2161"},{"taxonomy":"post_tag","embeddable":true,"href":"https:\/\/ability.det.br\/blog\/wp-json\/wp\/v2\/tags?post=2161"}],"curies":[{"name":"wp","href":"https:\/\/api.w.org\/{rel}","templated":true}]}}