{"id":311,"date":"2022-01-17T09:15:26","date_gmt":"2022-01-17T12:15:26","guid":{"rendered":"https:\/\/api.det.br\/blog\/?p=311"},"modified":"2022-11-27T17:11:43","modified_gmt":"2022-11-27T20:11:43","slug":"meu-funcionario-esta-me-roubando-como-posso-vigia-lo-sem-suspeitas","status":"publish","type":"post","link":"https:\/\/ability.det.br\/blog\/meu-funcionario-esta-me-roubando-como-posso-vigia-lo-sem-suspeitas\/","title":{"rendered":"Meu funcion\u00e1rio est\u00e1 me roubando, como posso vigi\u00e1-lo sem suspeitas?"},"content":{"rendered":"\n<p>Mesmo realizando um processo minucioso para a contrata\u00e7\u00e3o de um profissional capacitado e confi\u00e1vel, n\u00e3o \u00e9 poss\u00edvel conhecer o car\u00e1ter do empregado antes de o mesmo iniciar de fato na empresa.<\/p>\n\n\n\n<p>O problema ocorre quando o gestor come\u00e7a a desconfiar de certas atitudes e percebe que as contas n\u00e3o batem. Da\u00ed a import\u00e2ncia de solicitar os servi\u00e7os de uma investiga\u00e7\u00e3o particular no Piau\u00ed para verificar se o funcion\u00e1rio \u00e9 desonesto o mais r\u00e1pido poss\u00edvel, para evitar maiores preju\u00edzos.<\/p>\n\n\n\n<p>Independente do porte ou segmento da sua empresa, a contrata\u00e7\u00e3o de um detetive especializado no Piau\u00ed \u00e9 fundamental para entender se o funcion\u00e1rio realmente est\u00e1 mesmo roubando. Acompanhe nosso post de hoje e fique por dentro do assunto!<\/p>\n\n\n\n<p>Fique atento aos sinais!<\/p>\n\n\n\n<h2 class=\"wp-block-heading\"><strong>Esteja mais presente no ambiente de trabalho <\/strong><\/h2>\n\n\n\n<p>Caso esteja suspeitando que h\u00e1 algo de errado acontecendo dentro da sua empresa, o ideal \u00e9 que voc\u00ea comece a passar mais tempo l\u00e1, para estar mais presente no dia a dia dos colaboradores. Por\u00e9m, n\u00e3o avise quando for, ou seja, voc\u00ea pode realizar visitas surpresas em hor\u00e1rios e dias aleat\u00f3rios e, caso voc\u00ea sinta que algum funcion\u00e1rio ficou desconfort\u00e1vel, comece a monitorar as atitudes dele.<\/p>\n\n\n\n<h2 class=\"wp-block-heading\"><strong>Instale c\u00e2meras de seguran\u00e7a<\/strong><\/h2>\n\n\n\n<p>Realizar a instala\u00e7\u00e3o de c\u00e2meras de seguran\u00e7a tamb\u00e9m \u00e9 uma forma de inibir os atos il\u00edcitos. Lembrando que todos os funcion\u00e1rios precisam estar cientes de que est\u00e3o sendo filmados. Depois de algum tempo, pode ser que os funcion\u00e1rios suspeitos se esque\u00e7am das c\u00e2meras em alguma oportunidade, e \u00e9 nessa hora que as c\u00e2meras podem gravar algum comportamento desonesto.<\/p>\n\n\n\n<h2 class=\"wp-block-heading\"><strong>Investiga\u00e7\u00e3o empresarial no Piau\u00ed:<\/strong> <strong>como vigiar um suspeito sem deixar pistas?<\/strong><\/h2>\n\n\n\n<p>Se voc\u00ea desconfia que algu\u00e9m est\u00e1 roubando na sua empresa, mas n\u00e3o tem provas concretas, voc\u00ea precisa contratar um especialista em investiga\u00e7\u00e3o corporativa no Piau\u00ed.<\/p>\n\n\n\n<p>Assim, os detetives particulares no Piau\u00ed atuam com sigilo na coleta de informa\u00e7\u00f5es e monitoramento dos funcion\u00e1rios de forma discreta. Afinal, se o investigado suspeitar que est\u00e1 sendo investigado, pode destruir provas ou at\u00e9 mesmo fugir.<\/p>\n\n\n\n<p>Portanto, a investiga\u00e7\u00e3o da <a href=\"https:\/\/www.ability.det.br\">ABILITY INVESTIGA\u00c7\u00d5ES<\/a> \u00e9 feita de forma sigilosa e r\u00e1pida, at\u00e9 mesmo para evitar maiores preju\u00edzos financeiros ou o vazamento de informa\u00e7\u00f5es valiosas. Ao contratar nossa ag\u00eancia de investiga\u00e7\u00e3o no Piau\u00ed, os detetives atuam munidos dos equipamentos de ponta para encontrar pistas que mostram desfalques, roubos de itens ou outros indicativos de furtos na organiza\u00e7\u00e3o. Inclusive, a coleta de provas \u00e9 feita de forma legal e as mesmas podem ser utilizadas em processos judiciais, j\u00e1 que se trata de dados como grava\u00e7\u00f5es, fotos, imagens e v\u00eddeos, que s\u00e3o provas reais e contundentes.<\/p>\n","protected":false},"excerpt":{"rendered":"<p>Mesmo realizando um processo minucioso para a contrata\u00e7\u00e3o de um profissional capacitado e confi\u00e1vel, n\u00e3o \u00e9 poss\u00edvel conhecer o car\u00e1ter do empregado antes de o mesmo iniciar de fato na empresa. O problema ocorre quando o gestor come\u00e7a a desconfiar de certas atitudes e percebe que as contas n\u00e3o batem. Da\u00ed a import\u00e2ncia de solicitar [&hellip;]<\/p>\n","protected":false},"author":2,"featured_media":315,"comment_status":"open","ping_status":"open","sticky":false,"template":"","format":"standard","meta":{"_mi_skip_tracking":false,"_monsterinsights_sitenote_active":false,"_monsterinsights_sitenote_note":"","_monsterinsights_sitenote_category":0,"footnotes":""},"categories":[1],"tags":[211,82,35,19,20,212,213],"class_list":["post-311","post","type-post","status-publish","format-standard","has-post-thumbnail","hentry","category-sem-categoria","tag-como-fazer-a-investigacao-de-funcionarios","tag-como-fazer-o-monitoramento-de-funcionarios","tag-como-funciona-a-investigacao-empresarial","tag-o-que-e-investigacao-corporativa","tag-o-que-e-investigacao-empresarial","tag-para-que-serve-a-investigacao-corporativa","tag-vantagens-de-investigacao-empresarial"],"aioseo_notices":[],"_links":{"self":[{"href":"https:\/\/ability.det.br\/blog\/wp-json\/wp\/v2\/posts\/311","targetHints":{"allow":["GET"]}}],"collection":[{"href":"https:\/\/ability.det.br\/blog\/wp-json\/wp\/v2\/posts"}],"about":[{"href":"https:\/\/ability.det.br\/blog\/wp-json\/wp\/v2\/types\/post"}],"author":[{"embeddable":true,"href":"https:\/\/ability.det.br\/blog\/wp-json\/wp\/v2\/users\/2"}],"replies":[{"embeddable":true,"href":"https:\/\/ability.det.br\/blog\/wp-json\/wp\/v2\/comments?post=311"}],"version-history":[{"count":2,"href":"https:\/\/ability.det.br\/blog\/wp-json\/wp\/v2\/posts\/311\/revisions"}],"predecessor-version":[{"id":1681,"href":"https:\/\/ability.det.br\/blog\/wp-json\/wp\/v2\/posts\/311\/revisions\/1681"}],"wp:featuredmedia":[{"embeddable":true,"href":"https:\/\/ability.det.br\/blog\/wp-json\/wp\/v2\/media\/315"}],"wp:attachment":[{"href":"https:\/\/ability.det.br\/blog\/wp-json\/wp\/v2\/media?parent=311"}],"wp:term":[{"taxonomy":"category","embeddable":true,"href":"https:\/\/ability.det.br\/blog\/wp-json\/wp\/v2\/categories?post=311"},{"taxonomy":"post_tag","embeddable":true,"href":"https:\/\/ability.det.br\/blog\/wp-json\/wp\/v2\/tags?post=311"}],"curies":[{"name":"wp","href":"https:\/\/api.w.org\/{rel}","templated":true}]}}