{"id":376,"date":"2022-04-26T10:30:00","date_gmt":"2022-04-26T13:30:00","guid":{"rendered":"https:\/\/api.det.br\/blog\/?p=376"},"modified":"2022-11-27T17:55:06","modified_gmt":"2022-11-27T20:55:06","slug":"como-um-detetive-particular-pode-ajudar-em-caso-de-maus-tratos-em-bebes-no-piaui","status":"publish","type":"post","link":"https:\/\/ability.det.br\/blog\/como-um-detetive-particular-pode-ajudar-em-caso-de-maus-tratos-em-bebes-no-piaui\/","title":{"rendered":"Como um detetive particular pode ajudar em caso de maus tratos em beb\u00eas no Piau\u00ed"},"content":{"rendered":"\n<p>Os casos de maus tratos em crian\u00e7as t\u00eam sido um agravante nos \u00faltimos anos principalmente no per\u00edodo de isolamento da pandemia. Afinal, em sua maioria os pequenos acabam sendo mais hiperativos, com isso, as creches procuram gastar todas as energias com brincadeiras educativas.&nbsp;<\/p>\n\n\n\n<p>No caso dos beb\u00eas \u00e9 algo um pouco diferente, j\u00e1 que dependem muito mais dos nossos cuidados para situa\u00e7\u00f5es b\u00e1sicas, como se alimentar. Tendo poucos jeitos de se comunicar podem acabar chorando ou precisando de muita aten\u00e7\u00e3o durante todo o dia.&nbsp;<\/p>\n\n\n\n<p>Pais e cuidadores abusivos e despreparados podem n\u00e3o simpatizar com esses comportamentos t\u00e3o caracter\u00edsticos dos pequenos causando maus tratos. Com foco nisso, abaixo separamos informa\u00e7\u00f5es para que voc\u00ea conhe\u00e7a como o detetive particular no Piau\u00ed atua nesses casos.&nbsp;<\/p>\n\n\n\n<p>Leia at\u00e9 o final para n\u00e3o perder nada!&nbsp;<\/p>\n\n\n\n<h2 class=\"wp-block-heading\">Como isso pode afetar as crian\u00e7as?&nbsp;<\/h2>\n\n\n\n<p>Os traumas proporcionados no in\u00edcio da vida podem ser irrevers\u00edveis para a sa\u00fade mental da crian\u00e7a. E em sua grande maioria os cuidadores sendo contratados ou mesmo os pa\u00eds n\u00e3o se importam o que pode vir depois de suas a\u00e7\u00f5es.<\/p>\n\n\n\n<p>Com isso, os maus tratos infantis podem envolver v\u00e1rios comportamentos como:&nbsp;<\/p>\n\n\n\n<ul class=\"wp-block-list\"><li><strong>Abuso f\u00edsico como agress\u00f5es<\/strong>: \u00c9 tido como um preju\u00edzo f\u00edsico como hematomas e fraturas n\u00e3o acidentais;<\/li><li><strong>Neglig\u00eancia de menor:<\/strong> Quando cuidadores n\u00e3o fazem os cuidados b\u00e1sicos que uma crian\u00e7a necessita, como higiene pessoal, alimenta\u00e7\u00e3o e vestu\u00e1rio;<\/li><li><strong>Abusos psicol\u00f3gicos e sexuais:<\/strong> Prejudicam o desenvolvimento emocional e aumento na inseguran\u00e7a gerando bloqueios e medos na crian\u00e7a;<\/li><\/ul>\n\n\n\n<p>Os abusos tornam as crian\u00e7as mais sens\u00edveis a perceberem amea\u00e7as no ambiente. Podem desenvolver tamb\u00e9m dificuldades em identificar emo\u00e7\u00f5es alheias e de reconhecer as pr\u00f3prias, assim como, uma forte tend\u00eancia a desenvolverem doen\u00e7as como depress\u00e3o e ansiedade.&nbsp;<\/p>\n\n\n\n<h3 class=\"wp-block-heading\">Como identificar se o beb\u00ea est\u00e1 sofrendo algum abuso?&nbsp;<\/h3>\n\n\n\n<p>Os maus tratos existem como uma quebra na prote\u00e7\u00e3o que a crian\u00e7a deve sentir na inf\u00e2ncia. Com isso, \u00e9 essencial que pessoas pr\u00f3ximas procurem se atentar mais aos sinais que os pequenos deixam quando est\u00e3o sofrendo algo. No caso dos beb\u00eas de colo, se torna muito mais dif\u00edcil a identifica\u00e7\u00e3o dos maus tratos.&nbsp;<\/p>\n\n\n\n<p>No entanto, ainda n\u00e3o \u00e9 imposs\u00edvel, procure notar se o beb\u00ea em quest\u00e3o est\u00e1 com algum hematoma ou vermelhid\u00e3o em partes do corpo. Assim como, mudan\u00e7as significativas de seu comportamento, como choro em excesso. Al\u00e9m disso, se notar uma atitude mais agressiva dos respons\u00e1veis legais \u00e9 necess\u00e1rio ficar atento, pois pode ser um caso de abuso.&nbsp;<\/p>\n\n\n\n<p>Outra situa\u00e7\u00e3o seria se preocupar com&nbsp;o tipo de local que ele frequenta, como creches especializadas ou at\u00e9 mesmo cuidadores contratados. \u00c9 necess\u00e1rio saber se essas pessoas s\u00e3o de confian\u00e7a, com isso em ambos os casos um detetive particular do Piau\u00ed pode fazer uma investiga\u00e7\u00e3o dos dados e ajudar a salvar uma vida.&nbsp;&nbsp;<\/p>\n\n\n\n<p>Quando uma a crian\u00e7a demonstra sem saber se algo est\u00e1 errado como falando de alguma dor que j\u00e1 foi averiguada. Mudan\u00e7as de comportamento, demonstra\u00e7\u00e3o de medo quando se aproxima de algu\u00e9m em espec\u00edfico. Se atente a esses sinais para fazer uma contrata\u00e7\u00e3o de um profissional qualificado.&nbsp;<\/p>\n\n\n\n<h3 class=\"wp-block-heading\">Como o detetive particular do Piau\u00ed pode atuar?&nbsp;<\/h3>\n\n\n\n<p>Um investigador capacitado no Piau\u00ed ir\u00e1 trabalhar com v\u00e1rios meios para encontrar todo tipo de sinal que demonstre que est\u00e1 existindo algum abuso. Assim como, usar t\u00e9cnicas para conseguir provas legais dos acontecimentos. Essas se forem realmente comprovadas podem ser levadas \u00e0 justi\u00e7a e a vara da inf\u00e2ncia para que a crian\u00e7a seja retirada dos pais, se for um caso dom\u00e9stico ou se for de funcion\u00e1rios que estes sejam indiciados por agress\u00e3o e abuso.&nbsp;<\/p>\n\n\n\n<p>Caso tenha ficado com d\u00favidas ou desconfie de algum abuso em menor de idade, pode entrar em contato com a nossa ag\u00eancia de investigadores. A <strong>ABILITY INVESTIGA\u00c7\u00d5ES<\/strong> possui profissionais altamente treinados para ajudar a sanar as suas suspeitas. Estamos \u00e0 disposi\u00e7\u00e3o, d\u00ea uma olhada nos servi\u00e7os oferecidos e fique sempre atento \u00e0s novas informa\u00e7\u00f5es aqui do Blog!<\/p>\n","protected":false},"excerpt":{"rendered":"<p>Os casos de maus tratos em crian\u00e7as t\u00eam sido um agravante nos \u00faltimos anos principalmente no per\u00edodo de isolamento da pandemia. Afinal, em sua maioria os pequenos acabam sendo mais hiperativos, com isso, as creches procuram gastar todas as energias com brincadeiras educativas.&nbsp; No caso dos beb\u00eas \u00e9 algo um pouco diferente, j\u00e1 que dependem [&hellip;]<\/p>\n","protected":false},"author":2,"featured_media":427,"comment_status":"open","ping_status":"open","sticky":false,"template":"","format":"standard","meta":{"_mi_skip_tracking":false,"_monsterinsights_sitenote_active":false,"_monsterinsights_sitenote_note":"","_monsterinsights_sitenote_category":0,"footnotes":""},"categories":[1],"tags":[],"class_list":["post-376","post","type-post","status-publish","format-standard","has-post-thumbnail","hentry","category-sem-categoria"],"aioseo_notices":[],"_links":{"self":[{"href":"https:\/\/ability.det.br\/blog\/wp-json\/wp\/v2\/posts\/376","targetHints":{"allow":["GET"]}}],"collection":[{"href":"https:\/\/ability.det.br\/blog\/wp-json\/wp\/v2\/posts"}],"about":[{"href":"https:\/\/ability.det.br\/blog\/wp-json\/wp\/v2\/types\/post"}],"author":[{"embeddable":true,"href":"https:\/\/ability.det.br\/blog\/wp-json\/wp\/v2\/users\/2"}],"replies":[{"embeddable":true,"href":"https:\/\/ability.det.br\/blog\/wp-json\/wp\/v2\/comments?post=376"}],"version-history":[{"count":2,"href":"https:\/\/ability.det.br\/blog\/wp-json\/wp\/v2\/posts\/376\/revisions"}],"predecessor-version":[{"id":1696,"href":"https:\/\/ability.det.br\/blog\/wp-json\/wp\/v2\/posts\/376\/revisions\/1696"}],"wp:featuredmedia":[{"embeddable":true,"href":"https:\/\/ability.det.br\/blog\/wp-json\/wp\/v2\/media\/427"}],"wp:attachment":[{"href":"https:\/\/ability.det.br\/blog\/wp-json\/wp\/v2\/media?parent=376"}],"wp:term":[{"taxonomy":"category","embeddable":true,"href":"https:\/\/ability.det.br\/blog\/wp-json\/wp\/v2\/categories?post=376"},{"taxonomy":"post_tag","embeddable":true,"href":"https:\/\/ability.det.br\/blog\/wp-json\/wp\/v2\/tags?post=376"}],"curies":[{"name":"wp","href":"https:\/\/api.w.org\/{rel}","templated":true}]}}