{"id":465,"date":"2022-06-28T11:00:00","date_gmt":"2022-06-28T14:00:00","guid":{"rendered":"https:\/\/api.det.br\/blog\/?p=465"},"modified":"2022-11-26T23:57:49","modified_gmt":"2022-11-27T02:57:49","slug":"detetive-particular-e-o-crime-de-perseguicao-como-funciona","status":"publish","type":"post","link":"https:\/\/ability.det.br\/blog\/detetive-particular-e-o-crime-de-perseguicao-como-funciona\/","title":{"rendered":"Detetive particular e o Crime de Persegui\u00e7\u00e3o: Como funciona?"},"content":{"rendered":"\n<p>Um dos grandes diferenciais da profiss\u00e3o de detetive particular seria a necessidade de se fazer uma persegui\u00e7\u00e3o durante a rotina do investigado. Tudo de forma sigilosa \u00e9 claro, mas deve ser levada em considera\u00e7\u00e3o, pois pode infringir uma lei muito espec\u00edfica referente ao crime de persegui\u00e7\u00e3o.&nbsp;<\/p>\n\n\n\n<p>Com isso em mente, desenvolvemos um material especial para lidar com esse tema e para que voc\u00ea compreenda como realmente funciona para o detetive particular essa quest\u00e3o.&nbsp;<\/p>\n\n\n\n<p>Vamos l\u00e1?<\/p>\n\n\n\n<h2 class=\"wp-block-heading\">O que \u00e9 o Crime de Persegui\u00e7\u00e3o?<\/h2>\n\n\n\n<p>Para entender como o&nbsp;detetive particular se enquadra no crime de persegui\u00e7\u00e3o devemos primeiro compreender o que isso significa o crime da persegui\u00e7\u00e3o. Esse que tamb\u00e9m pode ser conhecido como a \u201cLei do <em>Stalking<\/em>\u201d.&nbsp;<\/p>\n\n\n\n<p>Essa lei se refere diretamente \u00e0 situa\u00e7\u00e3o de pessoas perseguindo outros indiv\u00edduos de forma problem\u00e1tica. Por todo o mundo essa lei j\u00e1 entrou em vigor por conta de problemas referente a pessoas obcecadas com outras, e com isso, podem fazer mal tanto para ela quanto para a v\u00edtima.&nbsp;<\/p>\n\n\n\n<p>Foi com o intuito de penalizar essas pessoas que foi criado o artigo 147 do C\u00f3digo Penal para criminalizar a conduta do <em>Stalker <\/em>por amea\u00e7ar a integridade f\u00edsica e psicol\u00f3gica do outro.&nbsp;<\/p>\n\n\n\n<p><em>Art. 147-A. Perseguir algu\u00e9m e por qualquer um, amea\u00e7ando-lhe a meio f\u00edsica ou psicol\u00f3gica, restringindo a capacidade de locomo\u00e7\u00e3o ou, de qualquer forma, invadindo sua esfera de liberdade ou privacidade.<\/em><\/p>\n\n\n\n<p>A pena pode variar de 6 meses a 2 anos se for comprovada que a situa\u00e7\u00e3o se enquadra como um crime de persegui\u00e7\u00e3o.&nbsp;<\/p>\n\n\n\n<h3 class=\"wp-block-heading\">Detetive Particular x Crime de Persegui\u00e7\u00e3o<\/h3>\n\n\n\n<p>Agora que compreendeu do que se trata o crime de persegui\u00e7\u00e3o pode perceber que o detetive particular fica em uma margem t\u00eanue do que \u00e9 tido como crime ou n\u00e3o. Por muitas vezes os profissionais do ramo podem acabar infringindo a lei quando n\u00e3o seguem o que lhes foi proposto.<\/p>\n\n\n\n<p>Sendo assim, quando um detetive particular executa suas fun\u00e7\u00f5es pode bater de frente com a \u201cLei do <em>Stalking<\/em>\u201d. No entanto, se o profissional seguir todas as diretrizes da lei 13.432, essa que regulamentariza a profiss\u00e3o de detetive particular, n\u00e3o existir\u00e1 problemas quanto ao crime de persegui\u00e7\u00e3o. Afinal, o profissional est\u00e1 prestando um servi\u00e7o e documentando com contrato e relat\u00f3rios.&nbsp;&nbsp;<\/p>\n\n\n\n<p>J\u00e1 que o intuito das investiga\u00e7\u00f5es \u00e9 simplesmente averiguar a situa\u00e7\u00e3o, conseguir provas de forma sigilosa e sem qualquer tipo de perturba\u00e7\u00e3o por parte do profissional. Ou seja, n\u00e3o invadindo o espa\u00e7o do investigado de modo a ferir a sua integridade psicol\u00f3gica&nbsp;&nbsp;e f\u00edsica.<\/p>\n\n\n\n<p>No artigo 11 desta lei, em seu inciso segundo est\u00e1 descrito que \u00e9 dever do detetive particular respeitar o direito \u00e0 intimidade, \u00e0 privacidade, \u00e0 honra, e \u00e0 imagem das pessoas. Sendo assim, o trabalho de detetive particular \u00e9 completamente legal se for seguida a lei de forma correta.&nbsp;<\/p>\n\n\n\n<p>A <strong>ABILITY INVESTIGA\u00c7\u00d5ES<\/strong> est\u00e1 a mais de 20 anos no mercado trabalhando com \u00e9tica e respeito, visando sempre o melhor para o cliente e investigado. Nossa prioridade \u00e9 entregar um servi\u00e7o de qualidade, seguindo a lei de todas as formas. Agora que conhece mais sobre pode entrar em contato para um or\u00e7amento.\u00a0<\/p>\n\n\n\n<p>E n\u00e3o se esque\u00e7a de continuar acompanhando o nosso blog para ficar por dentro do mundo investigativo.<\/p>\n","protected":false},"excerpt":{"rendered":"<p>Um dos grandes diferenciais da profiss\u00e3o de detetive particular seria a necessidade de se fazer uma persegui\u00e7\u00e3o durante a rotina do investigado. Tudo de forma sigilosa \u00e9 claro, mas deve ser levada em considera\u00e7\u00e3o, pois pode infringir uma lei muito espec\u00edfica referente ao crime de persegui\u00e7\u00e3o.&nbsp; Com isso em mente, desenvolvemos um material especial para [&hellip;]<\/p>\n","protected":false},"author":2,"featured_media":466,"comment_status":"open","ping_status":"open","sticky":false,"template":"","format":"standard","meta":{"_mi_skip_tracking":false,"_monsterinsights_sitenote_active":false,"_monsterinsights_sitenote_note":"","_monsterinsights_sitenote_category":0,"footnotes":""},"categories":[1],"tags":[343,288],"class_list":["post-465","post","type-post","status-publish","format-standard","has-post-thumbnail","hentry","category-sem-categoria","tag-crime-de-perseguicao","tag-detetive-particular"],"aioseo_notices":[],"_links":{"self":[{"href":"https:\/\/ability.det.br\/blog\/wp-json\/wp\/v2\/posts\/465","targetHints":{"allow":["GET"]}}],"collection":[{"href":"https:\/\/ability.det.br\/blog\/wp-json\/wp\/v2\/posts"}],"about":[{"href":"https:\/\/ability.det.br\/blog\/wp-json\/wp\/v2\/types\/post"}],"author":[{"embeddable":true,"href":"https:\/\/ability.det.br\/blog\/wp-json\/wp\/v2\/users\/2"}],"replies":[{"embeddable":true,"href":"https:\/\/ability.det.br\/blog\/wp-json\/wp\/v2\/comments?post=465"}],"version-history":[{"count":2,"href":"https:\/\/ability.det.br\/blog\/wp-json\/wp\/v2\/posts\/465\/revisions"}],"predecessor-version":[{"id":1673,"href":"https:\/\/ability.det.br\/blog\/wp-json\/wp\/v2\/posts\/465\/revisions\/1673"}],"wp:featuredmedia":[{"embeddable":true,"href":"https:\/\/ability.det.br\/blog\/wp-json\/wp\/v2\/media\/466"}],"wp:attachment":[{"href":"https:\/\/ability.det.br\/blog\/wp-json\/wp\/v2\/media?parent=465"}],"wp:term":[{"taxonomy":"category","embeddable":true,"href":"https:\/\/ability.det.br\/blog\/wp-json\/wp\/v2\/categories?post=465"},{"taxonomy":"post_tag","embeddable":true,"href":"https:\/\/ability.det.br\/blog\/wp-json\/wp\/v2\/tags?post=465"}],"curies":[{"name":"wp","href":"https:\/\/api.w.org\/{rel}","templated":true}]}}