{"id":533,"date":"2022-08-04T11:00:00","date_gmt":"2022-08-04T14:00:00","guid":{"rendered":"https:\/\/api.det.br\/blog\/?p=533"},"modified":"2022-11-26T22:28:29","modified_gmt":"2022-11-27T01:28:29","slug":"cyberbullying-o-que-e-e-como-um-investigador-pode-trabalhar-nesse-caso","status":"publish","type":"post","link":"https:\/\/ability.det.br\/blog\/cyberbullying-o-que-e-e-como-um-investigador-pode-trabalhar-nesse-caso\/","title":{"rendered":"Cyberbullying: o que \u00e9 e como um investigador pode trabalhar nesse caso\u00a0"},"content":{"rendered":"\n<p>Com os intensos avan\u00e7os tecnol\u00f3gicos se tornou cada vez mais comum que sejamos dependentes da internet para tudo que vamos realizar no dia a dia. Desse modo, a vida nas redes sociais \u00e9 constante com suas postagens todos acabam sujeitos a julgamentos, e isso, pode gerar abusos e desconfortos.<\/p>\n\n\n\n<p>Sendo assim, os ass\u00e9dios ou bullying cometidos em ambientes eletr\u00f4nicos podem ser muito prejudiciais e atingem principalmente os adolescentes que sofrem com persegui\u00e7\u00f5es e humilha\u00e7\u00f5es nas redes sociais.&nbsp;&nbsp;<\/p>\n\n\n\n<p>Isso pode causar diversos problemas psicol\u00f3gicos como depress\u00e3o, ansiedade e crises de p\u00e2nico. O ideal nesses casos quando percebe que algo desse tipo est\u00e1 acontecendo \u00e9 fazer a contrata\u00e7\u00e3o de um detetive particular para cuidar do assunto.&nbsp;<\/p>\n\n\n\n<p>Confira abaixo tudo que precisa saber sobre cyberbullying e como um profissional pode lidar com isso. Aproveite a leitura!&nbsp;<\/p>\n\n\n\n<h2 class=\"wp-block-heading\">O que \u00e9 Cyberbullying?<\/h2>\n\n\n\n<p>O pr\u00f3prio nome sugere uma jun\u00e7\u00e3o de suas palavras de origem inglesa, sendo elas \u201ccyber\u201d que vem da palavra <em>cybernetic<\/em>, que com tradu\u00e7\u00e3o livre \u00e9 cibern\u00e9tico. Palavra essa que remete a internet ou rede de comunica\u00e7\u00e3o.<\/p>\n\n\n\n<p>J\u00e1 a segunda senten\u00e7a \u00e9 bullying<em>, <\/em>umapalavra que \u00e9 a jun\u00e7\u00e3o entre <em>bully<\/em>, que significa valent\u00e3o, e acrescenta o sufixo \u201cing\u201d que indica a\u00e7\u00e3o e transforma em verbo.&nbsp;<\/p>\n\n\n\n<p>O bullying em si \u00e9 uma forma depreciativa de causar agress\u00e3o f\u00edsica, verbal e psicol\u00f3gica que acaba se mostrando cont\u00ednua. Agora unindo com a internet, o cyberbullying nada mais \u00e9 do que todo o tipo de ass\u00e9dio que cause perturba\u00e7\u00e3o em um indiv\u00edduo, por meio de mensagens, fotos e v\u00eddeos.&nbsp;<\/p>\n\n\n\n<p>Tudo que causa humilha\u00e7\u00e3o, desconforto ou mesmo vexame em redes sociais se enquadra no assunto. Existem in\u00fameros casos dos famosos \u201ccancelamentos\u201d que geraram problemas graves, ainda mais com pessoas que n\u00e3o sabem lidar com a fama e acabam at\u00e9 cometendo suic\u00eddio.&nbsp;<\/p>\n\n\n\n<p>Mesmo sendo online, esse tipo de agress\u00e3o pode contribuir com efeitos devastadores no psicol\u00f3gico das pessoas que est\u00e3o sofrendo. Mesmo simples palavras ou opini\u00f5es depreciativas podem ser extremamente problem\u00e1ticas.&nbsp;<\/p>\n\n\n\n<p>\u00c9 imprescind\u00edvel que quando voc\u00ea notar que algum adolescente pr\u00f3ximo ou mesmo um adulto esteja sofrendo com ataques cibern\u00e9ticos que um profissional seja chamado para cuidar do caso.&nbsp;<\/p>\n\n\n\n<h3 class=\"wp-block-heading\">Como um detetive particular pode ajudar nesse caso?&nbsp;<\/h3>\n\n\n\n<p>O ideal se voc\u00ea sofre com cyberbullying \u00e9 manter contato com as pessoas pr\u00f3ximas para que n\u00e3o sofra esse tipo de situa\u00e7\u00e3o sozinho. Quando tratamos de casos com ass\u00e9dio e bullying o detetive particular pode atuar de diversas formas para conseguir ajudar na situa\u00e7\u00e3o.&nbsp;<\/p>\n\n\n\n<p>Se no contexto o agressor for an\u00f4nimo, o investigador ir\u00e1 procurar por rastros deixados nas redes sociais que identifiquem o indiv\u00edduo. O detetive particular possui equipamento tecnol\u00f3gicos e t\u00e9cnicas investigativas pr\u00f3prias para cuidar de todo o caso sem complica\u00e7\u00e3o.<\/p>\n\n\n\n<p>Os profissionais tamb\u00e9m podem extrair informa\u00e7\u00f5es das redes sociais como fotos, v\u00eddeos, e-mails e mensagens de texto como evid\u00eancias da ocorr\u00eancia. Tudo \u00e9 feito para trazer al\u00edvio \u00e0s v\u00edtimas e claro para que posteriormente esses dados possam ser usados em processo civil ou criminal.&nbsp;<\/p>\n\n\n\n<p>Esses casos podem at\u00e9 mesmo ser levados para a justi\u00e7a, com a comprova\u00e7\u00e3o certa atestada por uma profissional. Afinal, cyberbullying configura-se como crime contra a honra praticado em meio virtual.&nbsp;<\/p>\n\n\n\n<p>Se est\u00e1 sofrendo com algum tipo de abuso ou ass\u00e9dio nas redes sociais entre em contato agora mesmo com nossos profissionais da <strong>ABILITY INVESTIGA\u00c7\u00d5ES<\/strong>. Cuidamos de toda a situa\u00e7\u00e3o em poucos dias para que o seu sofrimento tenha fim.\u00a0<\/p>\n\n\n\n<p>Para conhecer mais sobre investiga\u00e7\u00e3o continue acompanhando nosso blog!&nbsp;<\/p>\n","protected":false},"excerpt":{"rendered":"<p>Com os intensos avan\u00e7os tecnol\u00f3gicos se tornou cada vez mais comum que sejamos dependentes da internet para tudo que vamos realizar no dia a dia. Desse modo, a vida nas redes sociais \u00e9 constante com suas postagens todos acabam sujeitos a julgamentos, e isso, pode gerar abusos e desconfortos. Sendo assim, os ass\u00e9dios ou bullying [&hellip;]<\/p>\n","protected":false},"author":2,"featured_media":535,"comment_status":"open","ping_status":"open","sticky":false,"template":"","format":"standard","meta":{"_mi_skip_tracking":false,"_monsterinsights_sitenote_active":false,"_monsterinsights_sitenote_note":"","_monsterinsights_sitenote_category":0,"footnotes":""},"categories":[1],"tags":[270,248,371,370,372],"class_list":["post-533","post","type-post","status-publish","format-standard","has-post-thumbnail","hentry","category-sem-categoria","tag-caso","tag-como","tag-cyberbullying","tag-investigador","tag-trabalha"],"aioseo_notices":[],"_links":{"self":[{"href":"https:\/\/ability.det.br\/blog\/wp-json\/wp\/v2\/posts\/533","targetHints":{"allow":["GET"]}}],"collection":[{"href":"https:\/\/ability.det.br\/blog\/wp-json\/wp\/v2\/posts"}],"about":[{"href":"https:\/\/ability.det.br\/blog\/wp-json\/wp\/v2\/types\/post"}],"author":[{"embeddable":true,"href":"https:\/\/ability.det.br\/blog\/wp-json\/wp\/v2\/users\/2"}],"replies":[{"embeddable":true,"href":"https:\/\/ability.det.br\/blog\/wp-json\/wp\/v2\/comments?post=533"}],"version-history":[{"count":2,"href":"https:\/\/ability.det.br\/blog\/wp-json\/wp\/v2\/posts\/533\/revisions"}],"predecessor-version":[{"id":1652,"href":"https:\/\/ability.det.br\/blog\/wp-json\/wp\/v2\/posts\/533\/revisions\/1652"}],"wp:featuredmedia":[{"embeddable":true,"href":"https:\/\/ability.det.br\/blog\/wp-json\/wp\/v2\/media\/535"}],"wp:attachment":[{"href":"https:\/\/ability.det.br\/blog\/wp-json\/wp\/v2\/media?parent=533"}],"wp:term":[{"taxonomy":"category","embeddable":true,"href":"https:\/\/ability.det.br\/blog\/wp-json\/wp\/v2\/categories?post=533"},{"taxonomy":"post_tag","embeddable":true,"href":"https:\/\/ability.det.br\/blog\/wp-json\/wp\/v2\/tags?post=533"}],"curies":[{"name":"wp","href":"https:\/\/api.w.org\/{rel}","templated":true}]}}