{"id":594,"date":"2022-08-05T18:04:00","date_gmt":"2022-08-05T21:04:00","guid":{"rendered":"https:\/\/api.det.br\/blog\/?p=594"},"modified":"2022-11-26T22:13:57","modified_gmt":"2022-11-27T01:13:57","slug":"procurando-investigacao-conjugal-em-curitiba-pr","status":"publish","type":"post","link":"https:\/\/ability.det.br\/blog\/procurando-investigacao-conjugal-em-curitiba-pr\/","title":{"rendered":"Procurando investiga\u00e7\u00e3o conjugal em Curitiba-PR?"},"content":{"rendered":"\n<p>Detetive Particular <strong>4003-5622<\/strong><\/p>\n\n\n\n<p>Voc\u00ea j\u00e1 conhece o&nbsp;<strong>Detetive Particular em Curitiba&nbsp;<\/strong>da <a href=\"http:\/\/www.ability.det.br\">ABILITY-Investiga\u00e7<\/a>N\u00e3o? Ent\u00e3o venha conhecer. Com quase 20 anos de experi\u00eancia no setor investigativo, a ag\u00eancia de detetives pode ser a alternativa certa para seu problema.<\/p>\n\n\n\n<p>N\u00e3o perca a oportunidade de contratar um&nbsp;<strong>Detetive Particular em  Curitiba<\/strong>&nbsp;que possui a experi\u00eancia e preparo que voc\u00ea procura. Chega de perder tempo com empresas que prometem um \u00f3timo servi\u00e7o, mas que no final das contas n\u00e3o passam de marketing. O&nbsp;<strong>Detetive Particular em Curitiba<\/strong>&nbsp;tem \u00f3timas avalia\u00e7\u00f5es e recomenda\u00e7\u00f5es.<\/p>\n\n\n\n<p>Chegou o momento certo para conhecer a <a href=\"https:\/\/www.ability.det.br\/estado-parana\">ABILITY-Investigac\u00f5es<\/a>., o local que proporciona atendimento 24 horas. Invista no&nbsp;<strong><strong>Detetive Particular em Curitiba<\/strong><\/strong>&nbsp;que valoriza seu investimento. Aqui, voc\u00ea garante um trabalho feito com absoluto sigilo.<\/p>\n\n\n\n<h2 class=\"wp-block-heading\"><strong>SIGILO ABSOLUTO E SATISFA\u00c7\u00c3O TOTAL!!!<\/strong><\/h2>\n\n\n\n<figure class=\"wp-block-image\"><a href=\"https:\/\/api.whatsapp.com\/send?phone=5586999754949\" target=\"_blank\" rel=\"noreferrer noopener\"><img decoding=\"async\" src=\"https:\/\/malloydetetive.com.br\/wp-content\/uploads\/2022\/06\/WhatsApp-do-detetive-particular-300x103.png\" alt=\"Whatsapp Detetive\" class=\"wp-image-12565\" title=\"DETETIVE PARTICULAR EM S\u00c3O JOS\u00c9 DOS CAMPOS | (11) 95787-2515 | 24 HORAS 5\"\/><\/a><\/figure>\n\n\n\n<p>Conte agora mesmo com a Empresa e agencia&nbsp;Detetive Particular no centro de Curitiba&nbsp;Ligue&nbsp;<a href=\"https:\/\/api.whatsapp.com\/send?phone=5586999754949\" target=\"_blank\" rel=\"noreferrer noopener\">4003-5622&nbsp;<\/a>de S\u00e3o Paulo. A equipe para [<strong>Detetive&nbsp;Particular centro Curitiba<\/strong>] conta com melhor pre\u00e7o, atendimento imediato e or\u00e7amento sem compromisso 24 horas.<\/p>\n\n\n\n<figure class=\"wp-block-image size-large\"><img loading=\"lazy\" decoding=\"async\" width=\"1024\" height=\"663\" src=\"https:\/\/ability.det.br\/blog\/wp-content\/uploads\/2022\/08\/curitiba-centro.webp010101-1024x663.webp\" alt=\"\" class=\"wp-image-607\" srcset=\"https:\/\/ability.det.br\/blog\/wp-content\/uploads\/2022\/08\/curitiba-centro.webp010101-1024x663.webp 1024w, https:\/\/ability.det.br\/blog\/wp-content\/uploads\/2022\/08\/curitiba-centro.webp010101-300x194.webp 300w, https:\/\/ability.det.br\/blog\/wp-content\/uploads\/2022\/08\/curitiba-centro.webp010101-768x497.webp 768w, https:\/\/ability.det.br\/blog\/wp-content\/uploads\/2022\/08\/curitiba-centro.webp010101-1536x994.webp 1536w, https:\/\/ability.det.br\/blog\/wp-content\/uploads\/2022\/08\/curitiba-centro.webp010101.webp 1893w\" sizes=\"auto, (max-width: 1024px) 100vw, 1024px\" \/><\/figure>\n\n\n\n<p>Nosso&nbsp;<strong>Detetive Particular em Curitiba<\/strong>&nbsp;atende servi\u00e7os como investiga\u00e7\u00f5es comerciais, particulares e industriais, rastreamento de pessoas e ve\u00edculos, pessoas desaparecidas, desvio de dados, casos familiares e conjugais, entre outras situa\u00e7\u00f5es onde nosso<strong>&nbsp;Detetive Particular no Centro de Curitiba<\/strong> desempenha sua fun\u00e7\u00e3o com \u00eaxito e coleta o m\u00e1ximo de informa\u00e7\u00f5es e provas para o contratante.<\/p>\n\n\n\n<p>A <a href=\"https:\/\/www.ability.det.br\/estado-parana\">ABILITY-Investiga\u00e7\u00f5es<\/a> conta com assessoria jur\u00eddica, laborat\u00f3rio pr\u00f3prio para produzir e checar os equipamentos, e possui parceria com advogados e empresas de seguran\u00e7a, possuindo a infraestrutura necess\u00e1ria para dar o suporte que nossos clientes desejam ao procurar nosso<strong>&nbsp;Detetive Particular em Curitiba<\/strong>. Desse modo, prestando um atendimento mais \u00e1gil e eficiente.<\/p>\n\n\n\n<p>O&nbsp;<strong>Detetive Particular em Curitiba<\/strong>&nbsp;mais indicado \u00e9 o da <a href=\"https:\/\/www.ability.det.br\/cidade-curitiba\">ABILITY-Investigac\u00f5es.<\/a> Entre em contato conosco e agende um encontro com o&nbsp;<strong>Detetive Particular <\/strong>em<strong> Curitiba<\/strong>&nbsp;mais requisitado da cidade. Estaremos ansiosos aguardando seu contato.<\/p>\n\n\n\n<h3 class=\"wp-block-heading\">Saiba mais sobre Detetive Particular em Curitiba<\/h3>\n\n\n\n<p>Ligue para\u00a0<strong>4003-5622<\/strong> ou entre em\u00a0<a href=\"https:\/\/www.ability.det.br\/cidade-curitiba\">contato por email<\/a>.<\/p>\n","protected":false},"excerpt":{"rendered":"<p>Detetive Particular 4003-5622 Voc\u00ea j\u00e1 conhece o&nbsp;Detetive Particular em Curitiba&nbsp;da ABILITY-Investiga\u00e7N\u00e3o? Ent\u00e3o venha conhecer. Com quase 20 anos de experi\u00eancia no setor investigativo, a ag\u00eancia de detetives pode ser a alternativa certa para seu problema. N\u00e3o perca a oportunidade de contratar um&nbsp;Detetive Particular em Curitiba&nbsp;que possui a experi\u00eancia e preparo que voc\u00ea procura. Chega de [&hellip;]<\/p>\n","protected":false},"author":3,"featured_media":595,"comment_status":"open","ping_status":"open","sticky":false,"template":"","format":"standard","meta":{"_mi_skip_tracking":false,"_monsterinsights_sitenote_active":false,"_monsterinsights_sitenote_note":"","_monsterinsights_sitenote_category":0,"footnotes":""},"categories":[1],"tags":[],"class_list":["post-594","post","type-post","status-publish","format-standard","has-post-thumbnail","hentry","category-sem-categoria"],"aioseo_notices":[],"_links":{"self":[{"href":"https:\/\/ability.det.br\/blog\/wp-json\/wp\/v2\/posts\/594","targetHints":{"allow":["GET"]}}],"collection":[{"href":"https:\/\/ability.det.br\/blog\/wp-json\/wp\/v2\/posts"}],"about":[{"href":"https:\/\/ability.det.br\/blog\/wp-json\/wp\/v2\/types\/post"}],"author":[{"embeddable":true,"href":"https:\/\/ability.det.br\/blog\/wp-json\/wp\/v2\/users\/3"}],"replies":[{"embeddable":true,"href":"https:\/\/ability.det.br\/blog\/wp-json\/wp\/v2\/comments?post=594"}],"version-history":[{"count":6,"href":"https:\/\/ability.det.br\/blog\/wp-json\/wp\/v2\/posts\/594\/revisions"}],"predecessor-version":[{"id":1644,"href":"https:\/\/ability.det.br\/blog\/wp-json\/wp\/v2\/posts\/594\/revisions\/1644"}],"wp:featuredmedia":[{"embeddable":true,"href":"https:\/\/ability.det.br\/blog\/wp-json\/wp\/v2\/media\/595"}],"wp:attachment":[{"href":"https:\/\/ability.det.br\/blog\/wp-json\/wp\/v2\/media?parent=594"}],"wp:term":[{"taxonomy":"category","embeddable":true,"href":"https:\/\/ability.det.br\/blog\/wp-json\/wp\/v2\/categories?post=594"},{"taxonomy":"post_tag","embeddable":true,"href":"https:\/\/ability.det.br\/blog\/wp-json\/wp\/v2\/tags?post=594"}],"curies":[{"name":"wp","href":"https:\/\/api.w.org\/{rel}","templated":true}]}}