{"id":700,"date":"2022-08-17T19:02:16","date_gmt":"2022-08-17T22:02:16","guid":{"rendered":"https:\/\/api.det.br\/blog\/?p=700"},"modified":"2022-10-27T11:04:55","modified_gmt":"2022-10-27T14:04:55","slug":"estar-procurando-agencia-de-detetives-particulares-em-foz-do-iguacu","status":"publish","type":"post","link":"https:\/\/ability.det.br\/blog\/estar-procurando-agencia-de-detetives-particulares-em-foz-do-iguacu\/","title":{"rendered":"Estar procurando ag\u00eancia de detetives particulares em Foz do Igua\u00e7u?"},"content":{"rendered":"\n<p><strong>DETETIVES |4003-5622|FOZ DO IGUA\u00c7U<\/strong> | <a href=\"https:\/\/api.whatsapp.com\/send?phone=5586999754949\"><img loading=\"lazy\" decoding=\"async\" width=\"150\" height=\"52\" class=\"wp-image-729\" style=\"width: 150px;\" src=\"https:\/\/ability.det.br\/blog\/wp-content\/uploads\/2022\/08\/image-6.png\" alt=\"\"><\/a><\/p>\n\n\n\n<p>Procurando por\u00a0<strong>Ag\u00eancia de Detetives Particulares em Foz do Igua\u00e7u<\/strong>? Ent\u00e3o certamente voc\u00ea n\u00e3o conhece a <strong>ABILITY-Investiga\u00e7\u00f5es<\/strong>. Renomada no mercado, estamos no mercado h\u00e1 quase 20 anos, sendo prefer\u00eancia e indica\u00e7\u00e3o do p\u00fablico quando o assunto \u00e9\u00a0<strong><strong>Ag\u00eancia de Detetives Particulares em Foz do Igua\u00e7u<\/strong><\/strong>.<\/p>\n\n\n\n<p>Conosco, voc\u00ea tem a sua disposi\u00e7\u00e3o uma&nbsp;<strong>Ag\u00eancia de Detetives Particulares em Foz do Igua\u00e7u<\/strong>&nbsp;requisita e que atua em busca de oferecer o que h\u00e1 de melhor no setor investigativo a voc\u00ea.<\/p>\n\n\n\n<p>\u00c9 preciso ficar atento e manter a aten\u00e7\u00e3o redobrada ao contratar uma&nbsp;<strong><strong>Ag\u00eancia de Detetives Particulares em Foz do Igua\u00e7u<\/strong><\/strong>&nbsp;que traga as respostas que voc\u00ea procura com total descri\u00e7\u00e3o.<\/p>\n\n\n\n<p>Aqui, voc\u00ea se certifica de profissionais preparados para atende-lo a qualquer hora do dia e que acima de tudo valorizam o servi\u00e7o que prestam, realizando investiga\u00e7\u00f5es bem sucedidas, sejam elas conjugais, empresariais ou familiares. O que torna nossa&nbsp;<strong>Ag\u00eancia de Detetives Particulares em Foz do Igua\u00e7u<\/strong>&nbsp;a melhor da regi\u00e3o.<\/p>\n\n\n\n<p>Portanto, se seu desejo \u00e9 encontrar uma\u00a0<strong>Ag\u00eancia de Detetives Particulares em Curitiba<\/strong>\u00a0que corresponda suas expectativas e fa\u00e7a seu investimento valer a pena, a <strong>ABILITY-Investiga\u00e7\u00f5es<\/strong> \u00e9 a indica\u00e7\u00e3o certa. Prezamos pelo contato pessoal com nossos clientes e aconselhamos a nunca realizarem uma contrata\u00e7\u00e3o pelo telefone.<\/p>\n\n\n\n<p>O contato pessoal \u00e9 importante para que voc\u00ea verifique a idoneidade da&nbsp;<strong><strong>Ag\u00eancia de Detetives Particulares em Foz do Igua\u00e7u<\/strong><\/strong>, assim como \u00e9 ideal para que o detetive colha as informa\u00e7\u00f5es necess\u00e1rias para dar in\u00edcio ao andamento de seu processo investigativo.<\/p>\n\n\n\n<p>Lembre-se que a <strong>ABILITY-Investiga\u00e7\u00f5es<\/strong> \u00e9 bem avaliada por quem j\u00e1 passou por nossa empresa e aprova a qualidade de nossa equipe. E que tal fazer parte das pessoas que vivenciam uma investiga\u00e7\u00e3o completa com nossa\u00a0<strong>Ag\u00eancia de Detetives Particulares em Curitiba<\/strong>?<\/p>\n\n\n\n<p>Venha para nossa&nbsp;<strong>Ag\u00eancia de Detetives Particulares em Curitiba<\/strong>. Qualidade e pre\u00e7o justo em um s\u00f3 lugar.<\/p>\n\n\n\n<p>Entre em contato agora mesmo com a <strong>ABILITY-Investiga\u00e7\u00f5es<\/strong> para saber mais informa\u00e7\u00f5es referente aos servi\u00e7os entre em contato<\/p>\n\n\n\n<h3 class=\"wp-block-heading\">Saiba mais sobre&nbsp;<strong>Ag\u00eancia de Detetives Particulares em Foz do Igua\u00e7u<\/strong><\/h3>\n\n\n\n<p><strong>agencia de detetive particular\u00a0agencia de detetives\u00a0agencia de investigacao\u00a0agencia de investigacao particular\u00a0agencia detetive particular\u00a0contratar detetive\u00a0contratar detetive particular\u00a0detetive conjugaldetetive empresarial\u00a0detetive particular\u00a0detetive particular barato\u00a0detetive particular online\u00a0detetive particular preco\u00a0detetive particular pre\u00e7o\u00a0detetive particular virtual\u00a0detetive particular whatsapp\u00a0detetive particular zona leste\u00a0detetive particular zona norte\u00a0detetive particular zona sul\u00a0detetive privado\u00a0detetive profissional\u00a0detetives particular\u00a0detetives particulares\u00a0detetives particulares pre\u00e7o\u00a0empresa de detetive particular\u00a0escritorio de detetive\u00a0escritorio de detetive particular\u00a0investigacao conjugal\u00a0investigacao empresarial\u00a0investigacao particular\u00a0investigador conjugal\u00a0investigador particular\u00a0investigador profissionalinvestiga\u00e7\u00e3o conjugal\u00a0investiga\u00e7\u00e3o empresarial\u00a0investiga\u00e7\u00e3o particular\u00a0servico de detetive\u00a0servico de investigacao\u00a0servi\u00e7o de detetive\u00a0servi\u00e7o de investiga\u00e7\u00e3o\u00a0servi\u00e7o de investiga\u00e7\u00e3o particular\u00a0servi\u00e7os de detetive particular\u00a0servi\u00e7os de detetives particulares<\/strong><\/p>\n\n\n\n<p>Ligue para&nbsp;<strong>4003-5622<\/strong><\/p>\n","protected":false},"excerpt":{"rendered":"<p>DETETIVES |4003-5622|FOZ DO IGUA\u00c7U | Procurando por\u00a0Ag\u00eancia de Detetives Particulares em Foz do Igua\u00e7u? Ent\u00e3o certamente voc\u00ea n\u00e3o conhece a ABILITY-Investiga\u00e7\u00f5es. Renomada no mercado, estamos no mercado h\u00e1 quase 20 anos, sendo prefer\u00eancia e indica\u00e7\u00e3o do p\u00fablico quando o assunto \u00e9\u00a0Ag\u00eancia de Detetives Particulares em Foz do Igua\u00e7u. Conosco, voc\u00ea tem a sua disposi\u00e7\u00e3o uma&nbsp;Ag\u00eancia [&hellip;]<\/p>\n","protected":false},"author":3,"featured_media":701,"comment_status":"open","ping_status":"open","sticky":false,"template":"","format":"standard","meta":{"_mi_skip_tracking":false,"_monsterinsights_sitenote_active":false,"_monsterinsights_sitenote_note":"","_monsterinsights_sitenote_category":0,"footnotes":""},"categories":[1],"tags":[],"class_list":["post-700","post","type-post","status-publish","format-standard","has-post-thumbnail","hentry","category-sem-categoria"],"aioseo_notices":[],"_links":{"self":[{"href":"https:\/\/ability.det.br\/blog\/wp-json\/wp\/v2\/posts\/700","targetHints":{"allow":["GET"]}}],"collection":[{"href":"https:\/\/ability.det.br\/blog\/wp-json\/wp\/v2\/posts"}],"about":[{"href":"https:\/\/ability.det.br\/blog\/wp-json\/wp\/v2\/types\/post"}],"author":[{"embeddable":true,"href":"https:\/\/ability.det.br\/blog\/wp-json\/wp\/v2\/users\/3"}],"replies":[{"embeddable":true,"href":"https:\/\/ability.det.br\/blog\/wp-json\/wp\/v2\/comments?post=700"}],"version-history":[{"count":5,"href":"https:\/\/ability.det.br\/blog\/wp-json\/wp\/v2\/posts\/700\/revisions"}],"predecessor-version":[{"id":1506,"href":"https:\/\/ability.det.br\/blog\/wp-json\/wp\/v2\/posts\/700\/revisions\/1506"}],"wp:featuredmedia":[{"embeddable":true,"href":"https:\/\/ability.det.br\/blog\/wp-json\/wp\/v2\/media\/701"}],"wp:attachment":[{"href":"https:\/\/ability.det.br\/blog\/wp-json\/wp\/v2\/media?parent=700"}],"wp:term":[{"taxonomy":"category","embeddable":true,"href":"https:\/\/ability.det.br\/blog\/wp-json\/wp\/v2\/categories?post=700"},{"taxonomy":"post_tag","embeddable":true,"href":"https:\/\/ability.det.br\/blog\/wp-json\/wp\/v2\/tags?post=700"}],"curies":[{"name":"wp","href":"https:\/\/api.w.org\/{rel}","templated":true}]}}